{"id":1057,"date":"2015-10-03T18:10:50","date_gmt":"2015-10-03T18:10:50","guid":{"rendered":"http:\/\/travel.wrota.net\/?p=1057"},"modified":"2015-10-14T15:35:33","modified_gmt":"2015-10-14T15:35:33","slug":"spacerkiem-po-ulm","status":"publish","type":"post","link":"https:\/\/travel.wrota.net\/?p=1057","title":{"rendered":"Spacerkiem po Ulm"},"content":{"rendered":"<p>Nad miastem dominuje katedra, a plac przed katedr\u0105 \u2013 <em><strong>M\u00fcnsterplatz<\/strong><\/em> \u2013 to pasjonuj\u0105cy plac miejski \u0142\u0105cz\u0105cy histori\u0119 z wizjonersk\u0105 architektur\u0105. Ale bez dw\u00f3ch zda\u0144, Ulm to wi\u0119cej, ni\u017c katedra i M\u00fcnsterplatz.<\/p>\n<p>Wida\u0107 to ju\u017c, gdy zaledwie kilka krok\u00f3w dalej wy\u0142ania si\u0119 wspania\u0142y ratusz. Jego najstarsza cz\u0119\u015b\u0107 powsta\u0142a w 1370 roku jako dom towarowy, w 1419 roku budowl\u0119 po raz pierwszy nazwano ratuszem, a oko\u0142o roku 1520 umieszczono na nim bogato zdobiony zegar astronomiczny, kt\u00f3ry znajduje si\u0119 na wschodniej \u015bcianie ratusza. Pokazuje nam co najmniej 15 informacji i sk\u0142ama\u0142abym, gdybym napisa\u0142a, \u017ce \u0142atwo si\u0119 na nim rozezna\u0107. ;) Uda\u0142o mi si\u0119 rozpozna\u0107 fazy ksi\u0119\u017cyca, znaki zodiaku oraz za\u0107mienie s\u0142o\u0144ca i ksi\u0119\u017cyca i &#8230;to wszystko :)<\/p>\n<p>Budynek Ratusza (<strong><i>Rathaus<\/i><\/strong>) pochodzi z roku 1370, jednak obecny kszta\u0142t nadano mu w epoce wczesnego Odrodzenia. Jego \u015bciany zdobi\u0105 freski przedstawiaj\u0105ce sceny z historii miasta.<\/p>\n<p><a href=\"http:\/\/travel.wrota.net\/wp-content\/uploads\/2015\/10\/IMG_8265.jpg\"><img decoding=\"async\" loading=\"lazy\" class=\"aligncenter size-large wp-image-1062\" src=\"http:\/\/travel.wrota.net\/wp-content\/uploads\/2015\/10\/IMG_8265-683x1024.jpg\" alt=\"IMG_8265\" width=\"610\" height=\"915\" srcset=\"https:\/\/travel.wrota.net\/wp-content\/uploads\/2015\/10\/IMG_8265-683x1024.jpg 683w, https:\/\/travel.wrota.net\/wp-content\/uploads\/2015\/10\/IMG_8265-200x300.jpg 200w, https:\/\/travel.wrota.net\/wp-content\/uploads\/2015\/10\/IMG_8265.jpg 800w\" sizes=\"(max-width: 610px) 100vw, 610px\" \/><\/a><\/p>\n<p><a href=\"http:\/\/travel.wrota.net\/wp-content\/uploads\/2015\/10\/IMG_8266.jpg\"><img decoding=\"async\" loading=\"lazy\" class=\"aligncenter size-large wp-image-1063\" src=\"http:\/\/travel.wrota.net\/wp-content\/uploads\/2015\/10\/IMG_8266-707x1024.jpg\" alt=\"IMG_8266\" width=\"610\" height=\"884\" srcset=\"https:\/\/travel.wrota.net\/wp-content\/uploads\/2015\/10\/IMG_8266-707x1024.jpg 707w, https:\/\/travel.wrota.net\/wp-content\/uploads\/2015\/10\/IMG_8266-207x300.jpg 207w, https:\/\/travel.wrota.net\/wp-content\/uploads\/2015\/10\/IMG_8266.jpg 828w\" sizes=\"(max-width: 610px) 100vw, 610px\" \/><\/a><\/p>\n<p><a href=\"http:\/\/travel.wrota.net\/wp-content\/uploads\/2015\/10\/IMG_8324.jpg\"><img decoding=\"async\" loading=\"lazy\" class=\"aligncenter size-large wp-image-1064\" src=\"http:\/\/travel.wrota.net\/wp-content\/uploads\/2015\/10\/IMG_8324-745x1024.jpg\" alt=\"IMG_8324\" width=\"610\" height=\"838\" srcset=\"https:\/\/travel.wrota.net\/wp-content\/uploads\/2015\/10\/IMG_8324-745x1024.jpg 745w, https:\/\/travel.wrota.net\/wp-content\/uploads\/2015\/10\/IMG_8324-218x300.jpg 218w, https:\/\/travel.wrota.net\/wp-content\/uploads\/2015\/10\/IMG_8324.jpg 873w\" sizes=\"(max-width: 610px) 100vw, 610px\" \/><\/a><\/p>\n<p><a href=\"http:\/\/travel.wrota.net\/wp-content\/uploads\/2015\/10\/IMG_8326.jpg\"><img decoding=\"async\" loading=\"lazy\" class=\"aligncenter size-large wp-image-1065\" src=\"http:\/\/travel.wrota.net\/wp-content\/uploads\/2015\/10\/IMG_8326-734x1024.jpg\" alt=\"IMG_8326\" width=\"610\" height=\"851\" srcset=\"https:\/\/travel.wrota.net\/wp-content\/uploads\/2015\/10\/IMG_8326-734x1024.jpg 734w, https:\/\/travel.wrota.net\/wp-content\/uploads\/2015\/10\/IMG_8326-215x300.jpg 215w, https:\/\/travel.wrota.net\/wp-content\/uploads\/2015\/10\/IMG_8326.jpg 860w\" sizes=\"(max-width: 610px) 100vw, 610px\" \/><\/a><br \/>\nNa klatce schodowej ratusza mo\u017cna podziwia\u0107 rekonstrukcj\u0119 maszyny lataj\u0105cej Albrechta Ludwiga Berblingera, legendarnego \u201ekrawca z Ulm\u201d\u00a0(<i><strong>Schneider von Ulm<\/strong>) &#8211; <\/i>niedocenionego za \u017cycia geniusza-wynalazcy.<\/p>\n<p>Jego pierwszym wynalazkiem by\u0142a pierwsza ruchoma proteza no\u017cna.<br \/>\nJak wielu ludzi wyrastaj\u0105cych poza ramy epoki, w kt\u00f3rej \u017cyli, tak\u017ce i jego nie omin\u0119\u0142o niezrozumienie ze strony wsp\u00f3\u0142czesnych. Pokpiwano z niego przy ka\u017cdej okazji, a w\u0142adze krawieckiego cechu na\u0142o\u017cy\u0142y na niego spor\u0105 kar\u0119 za pozacechow\u0105 dzia\u0142alno\u015b\u0107.<\/p>\n<p>Na podstawie obserwacji lotu s\u00f3w Berblinger zbudowa\u0142 co\u015b w rodzaju lotni, umo\u017cliwiaj\u0105cej mu lot \u015blizgowy. Pierwsze pr\u00f3by, podejmowane na wzg\u00f3rzu za miastem, wypad\u0142y wielce obiecuj\u0105co. W 1811 roku uda\u0142o mu si\u0119 zainteresowa\u0107 swoim pomys\u0142em wirtemberskiego w\u0142adc\u0119 Fryderyka I, kt\u00f3ry przyzna\u0142 mu finansow\u0105 zapomog\u0119. Podczas wizyty ksi\u0105\u017c\u0119cego dworu w Ulm wynalazca mia\u0142 zaprezentowa\u0107 swoje dzie\u0142o. On sam chcia\u0142 skoczy\u0107 z wie\u017cy katedry, jednak rajcy miejscy stanowczo odrzucili \u00f3w pomys\u0142, ka\u017c\u0105c przenie\u015b\u0107 mu si\u0119 na naddunajsk\u0105 <em><strong>Adlersbastei<\/strong><\/em>.<br \/>\nBerblinger przeczuwa\u0142, \u017ce co\u015b mo\u017ce p\u00f3j\u015b\u0107 nie tak, poniewa\u017c si\u0142a wiatru by\u0142a inna ni\u017c w miejscach, w kt\u00f3rych trenowa\u0142 dotychczas. Jakby tego by\u0142o ma\u0142o, warunki pogodowe by\u0142y fatalne. Uda\u0142o mu si\u0119 przeczeka\u0107 p\u00f3\u0142tora dnia w nadziei na popraw\u0119 aury, jednak dw\u00f3r ani t\u0142um gapi\u00f3w nie mieli ochoty czeka\u0107 ju\u017c d\u0142u\u017cej.<\/p>\n<p>Wynalazca zosta\u0142 zmuszony do skoku &#8211; jeden z wartownik\u00f3w zepchn\u0105\u0142 go po prostu z platformy. Jak mo\u017cna si\u0119 \u0142atwo domy\u015bli\u0107, lot trwa\u0142 kr\u00f3tko i sko\u0144czy\u0142 si\u0119 w Dunaju. Natychmiast okrzykni\u0119to go b\u0142aznem i naci\u0105gaczem. Sta\u0142 si\u0119 po\u015bmiewiskiem t\u0142umu, straci\u0142 klientel\u0119 i dokona\u0142 \u017cywota w n\u0119dzy i zapomnieniu w miejskim przytu\u0142ku. Podobno do ko\u0144ca swoich dni na strychu przechowywa\u0142 ow\u0105 nieszcz\u0119sn\u0105 lotni\u0119&#8230; Na zdj\u0119ciu poni\u017cej tablica upami\u0119tniaj\u0105ca w miejscu startu Berblingera:<\/p>\n<p><a href=\"http:\/\/travel.wrota.net\/wp-content\/uploads\/2015\/10\/IMG_8319.jpg\"><img decoding=\"async\" loading=\"lazy\" class=\"aligncenter size-large wp-image-1066\" src=\"http:\/\/travel.wrota.net\/wp-content\/uploads\/2015\/10\/IMG_8319-759x1024.jpg\" alt=\"IMG_8319\" width=\"610\" height=\"823\" srcset=\"https:\/\/travel.wrota.net\/wp-content\/uploads\/2015\/10\/IMG_8319-759x1024.jpg 759w, https:\/\/travel.wrota.net\/wp-content\/uploads\/2015\/10\/IMG_8319-222x300.jpg 222w, https:\/\/travel.wrota.net\/wp-content\/uploads\/2015\/10\/IMG_8319.jpg 889w\" sizes=\"(max-width: 610px) 100vw, 610px\" \/><\/a><\/p>\n<p>Dzi\u015b jednak jest uwa\u017cany za dzielnego cz\u0142owieka, a to, \u017ce mieszka\u0144cy Ulm ch\u0119tnie przenosz\u0105 si\u0119 w inne wymiary, przynajmniej w duchu, potwierdza r\u00f3wnie\u017c fakt, i\u017c w Ulm urodzi\u0142 si\u0119 Albert Einstein.<\/p>\n<p>W panoramie miasta wzrok przykuwaj\u0105 dwie wie\u017ce, b\u0119d\u0105ce pozosta\u0142o\u015bci\u0105 po starych fortyfikacjach miejskich: G\u0119sia Wie\u017ca (<em><strong>G\u00e4nseturm<\/strong><\/em>) i Wie\u017ca Rze\u017anik\u00f3w (<em><strong>Metzgerturm<\/strong><\/em>), wybudowane w 1345 roku.<\/p>\n<p>Ta ostatnia jest znana te\u017c jako Krzywa Wie\u017ca w Ulm. Jest odchylona od pionu o 3,3 stopnie (dla por\u00f3wnania: Krzywa Wie\u017ca w Pizie o 3,97). Zosta\u0142a wybudowana jako cz\u0119\u015b\u0107 obwarowa\u0144 miejskich w 1345 roku i ma wysoko\u015b\u0107 36,1 m.<br \/>\nHistoria wie\u017cy kryje ciekaw\u0105 anegdot\u0119, kt\u00f3r\u0105 opowiedzia\u0142 mi Thomas \u2013 ot\u00f3\u017c miejscy rze\u017anicy, w ramach oszcz\u0119dno\u015bci, zacz\u0119li nadziewa\u0107 kie\u0142bas\u0119 trocinami. Kiedy mieszka\u0144cy dowiedzieli si\u0119 o tym, zamkn\u0119li sprawc\u00f3w w wie\u017cy. Gdy w wie\u017cy zjawi\u0142 si\u0119 rozgniewany burmistrz, t\u0142u\u015bci rze\u017anicy schowali si\u0119 ze strachu przed nim do k\u0105ta. W\u00f3wczas to wie\u017ca mia\u0142a si\u0119 przechyli\u0107 pod ich ci\u0119\u017carem. W rzeczywisto\u015bci wie\u017ca jest krzywa, poniewa\u017c pod\u0142o\u017ce, na kt\u00f3rym stoi, by\u0142o kiedy\u015b terenem bagiennym &#8211; niemniej anegdota jest wspania\u0142a &#8211; nieprawda\u017c?<\/p>\n<p>&nbsp;<\/p>\n<p>Co jeszcze koniecznie nale\u017cy obowi\u0105zkowo zobaczy\u0107 w Ulm? <i><b>Fischerviertel<\/b><\/i> i <b><i>Gerberviertel <\/i><\/b><i>oraz<\/i><i> <\/i><i><b>Seelengraben<\/b><\/i>, <i><b>Frauengraben<\/b><\/i> i <i><b>Neuer Graben<\/b><\/i>.<\/p>\n<p><i><b>Fischerviertel<\/b><\/i> i <b><i>Gerberviertel<\/i><\/b> to obowi\u0105zkowy punkt programu dla odwiedzaj\u0105cych Ulm i jedna z najpi\u0119kniejszych cz\u0119\u015bci miasta. Od \u015bredniowiecza zamieszka\u0142a przez rybak\u00f3w, garbarzy i wszelkiej ma\u015bci rzemie\u015blnik\u00f3w, a tak\u017ce biedot\u0119. Ocala\u0142a podczas alianckiego bombardowania miasta, kt\u00f3re zr\u00f3wna\u0142o z ziemi\u0105 niemal doszcz\u0119tnie ca\u0142\u0105 star\u00f3wk\u0119.<\/p>\n<p>Dzielnic\u0119 przecina bogata w pstr\u0105gi rzeczka Blau, nad kt\u00f3r\u0105 pochylaj\u0105 si\u0119 urokliwe, kolorowe, zadbane kamieniczki z pruskiego muru. Ulokowa\u0142y si\u0119 w nich galerie, biura, prywatne gabinety, knajpki i butiki. Nad Blau porozrzucane s\u0105 liczne malownicze mostki i k\u0142adki &#8211; zar\u00f3wno te publiczne, jak i prowadz\u0105ce do prywatnych posesji. Czynsze s\u0105 horrendalnie wysokie, a dzielnica nale\u017cy oczywi\u015bcie do bardzo presti\u017cowych. I pomy\u015ble\u0107, \u017ce przed laty ten skrawek miasta nale\u017ca\u0142 do do\u015b\u0107 zaniedbanych i biednych&#8230;<\/p>\n<p><a href=\"http:\/\/travel.wrota.net\/wp-content\/uploads\/2015\/10\/IMG_6815.jpg\"><img decoding=\"async\" loading=\"lazy\" class=\"aligncenter size-large wp-image-1067\" src=\"http:\/\/travel.wrota.net\/wp-content\/uploads\/2015\/10\/IMG_6815-1024x732.jpg\" alt=\"IMG_6815\" width=\"610\" height=\"436\" srcset=\"https:\/\/travel.wrota.net\/wp-content\/uploads\/2015\/10\/IMG_6815-1024x732.jpg 1024w, https:\/\/travel.wrota.net\/wp-content\/uploads\/2015\/10\/IMG_6815-300x215.jpg 300w, https:\/\/travel.wrota.net\/wp-content\/uploads\/2015\/10\/IMG_6815.jpg 1200w\" sizes=\"(max-width: 610px) 100vw, 610px\" \/><\/a><\/p>\n<p><a href=\"http:\/\/travel.wrota.net\/wp-content\/uploads\/2015\/10\/IMG_6819.jpg\"><img decoding=\"async\" loading=\"lazy\" class=\"aligncenter size-large wp-image-1068\" src=\"http:\/\/travel.wrota.net\/wp-content\/uploads\/2015\/10\/IMG_6819-784x1024.jpg\" alt=\"IMG_6819\" width=\"610\" height=\"797\" srcset=\"https:\/\/travel.wrota.net\/wp-content\/uploads\/2015\/10\/IMG_6819-784x1024.jpg 784w, https:\/\/travel.wrota.net\/wp-content\/uploads\/2015\/10\/IMG_6819-230x300.jpg 230w, https:\/\/travel.wrota.net\/wp-content\/uploads\/2015\/10\/IMG_6819.jpg 919w\" sizes=\"(max-width: 610px) 100vw, 610px\" \/><\/a><\/p>\n<p><a href=\"http:\/\/travel.wrota.net\/wp-content\/uploads\/2015\/10\/IMG_6821.jpg\"><img decoding=\"async\" loading=\"lazy\" class=\"aligncenter size-large wp-image-1069\" src=\"http:\/\/travel.wrota.net\/wp-content\/uploads\/2015\/10\/IMG_6821-1024x683.jpg\" alt=\"IMG_6821\" width=\"610\" height=\"407\" srcset=\"https:\/\/travel.wrota.net\/wp-content\/uploads\/2015\/10\/IMG_6821-1024x683.jpg 1024w, https:\/\/travel.wrota.net\/wp-content\/uploads\/2015\/10\/IMG_6821-300x200.jpg 300w, https:\/\/travel.wrota.net\/wp-content\/uploads\/2015\/10\/IMG_6821.jpg 1200w\" sizes=\"(max-width: 610px) 100vw, 610px\" \/><\/a><\/p>\n<p><em>Na wystawie sklepiku ogl\u0105damy&#8230;wr\u00f3ble :)<\/em><\/p>\n<p><a href=\"http:\/\/travel.wrota.net\/wp-content\/uploads\/2015\/10\/IMG_6829.jpg\"><img decoding=\"async\" loading=\"lazy\" class=\"aligncenter size-large wp-image-1070\" src=\"http:\/\/travel.wrota.net\/wp-content\/uploads\/2015\/10\/IMG_6829-1024x976.jpg\" alt=\"IMG_6829\" width=\"610\" height=\"581\" srcset=\"https:\/\/travel.wrota.net\/wp-content\/uploads\/2015\/10\/IMG_6829-1024x976.jpg 1024w, https:\/\/travel.wrota.net\/wp-content\/uploads\/2015\/10\/IMG_6829-300x286.jpg 300w, https:\/\/travel.wrota.net\/wp-content\/uploads\/2015\/10\/IMG_6829.jpg 1200w\" sizes=\"(max-width: 610px) 100vw, 610px\" \/><\/a><\/p>\n<p><a href=\"http:\/\/travel.wrota.net\/wp-content\/uploads\/2015\/10\/IMG_8206.jpg\"><img decoding=\"async\" loading=\"lazy\" class=\"aligncenter size-large wp-image-1071\" src=\"http:\/\/travel.wrota.net\/wp-content\/uploads\/2015\/10\/IMG_8206-683x1024.jpg\" alt=\"IMG_8206\" width=\"610\" height=\"915\" srcset=\"https:\/\/travel.wrota.net\/wp-content\/uploads\/2015\/10\/IMG_8206-683x1024.jpg 683w, https:\/\/travel.wrota.net\/wp-content\/uploads\/2015\/10\/IMG_8206-200x300.jpg 200w, https:\/\/travel.wrota.net\/wp-content\/uploads\/2015\/10\/IMG_8206.jpg 800w\" sizes=\"(max-width: 610px) 100vw, 610px\" \/><\/a><\/p>\n<p><a href=\"http:\/\/travel.wrota.net\/wp-content\/uploads\/2015\/10\/IMG_8218.jpg\"><img decoding=\"async\" loading=\"lazy\" class=\"aligncenter size-large wp-image-1072\" src=\"http:\/\/travel.wrota.net\/wp-content\/uploads\/2015\/10\/IMG_8218-804x1024.jpg\" alt=\"IMG_8218\" width=\"610\" height=\"777\" srcset=\"https:\/\/travel.wrota.net\/wp-content\/uploads\/2015\/10\/IMG_8218-804x1024.jpg 804w, https:\/\/travel.wrota.net\/wp-content\/uploads\/2015\/10\/IMG_8218-236x300.jpg 236w, https:\/\/travel.wrota.net\/wp-content\/uploads\/2015\/10\/IMG_8218.jpg 942w\" sizes=\"(max-width: 610px) 100vw, 610px\" \/><\/a><\/p>\n<p><a href=\"http:\/\/travel.wrota.net\/wp-content\/uploads\/2015\/10\/IMG_8223.jpg\"><img decoding=\"async\" loading=\"lazy\" class=\"aligncenter size-large wp-image-1073\" src=\"http:\/\/travel.wrota.net\/wp-content\/uploads\/2015\/10\/IMG_8223-683x1024.jpg\" alt=\"IMG_8223\" width=\"610\" height=\"915\" srcset=\"https:\/\/travel.wrota.net\/wp-content\/uploads\/2015\/10\/IMG_8223-683x1024.jpg 683w, https:\/\/travel.wrota.net\/wp-content\/uploads\/2015\/10\/IMG_8223-200x300.jpg 200w, https:\/\/travel.wrota.net\/wp-content\/uploads\/2015\/10\/IMG_8223.jpg 800w\" sizes=\"(max-width: 610px) 100vw, 610px\" \/><\/a><\/p>\n<p><a href=\"http:\/\/travel.wrota.net\/wp-content\/uploads\/2015\/10\/IMG_8226.jpg\"><img decoding=\"async\" loading=\"lazy\" class=\"aligncenter size-large wp-image-1074\" src=\"http:\/\/travel.wrota.net\/wp-content\/uploads\/2015\/10\/IMG_8226-657x1024.jpg\" alt=\"IMG_8226\" width=\"610\" height=\"951\" srcset=\"https:\/\/travel.wrota.net\/wp-content\/uploads\/2015\/10\/IMG_8226-657x1024.jpg 657w, https:\/\/travel.wrota.net\/wp-content\/uploads\/2015\/10\/IMG_8226-193x300.jpg 193w, https:\/\/travel.wrota.net\/wp-content\/uploads\/2015\/10\/IMG_8226.jpg 770w\" sizes=\"(max-width: 610px) 100vw, 610px\" \/><\/a><\/p>\n<p><a href=\"http:\/\/travel.wrota.net\/wp-content\/uploads\/2015\/10\/IMG_8228.jpg\"><img decoding=\"async\" loading=\"lazy\" class=\"aligncenter size-large wp-image-1075\" src=\"http:\/\/travel.wrota.net\/wp-content\/uploads\/2015\/10\/IMG_8228-699x1024.jpg\" alt=\"IMG_8228\" width=\"610\" height=\"894\" srcset=\"https:\/\/travel.wrota.net\/wp-content\/uploads\/2015\/10\/IMG_8228-699x1024.jpg 699w, https:\/\/travel.wrota.net\/wp-content\/uploads\/2015\/10\/IMG_8228-205x300.jpg 205w, https:\/\/travel.wrota.net\/wp-content\/uploads\/2015\/10\/IMG_8228.jpg 819w\" sizes=\"(max-width: 610px) 100vw, 610px\" \/><\/a><\/p>\n<p><a href=\"http:\/\/travel.wrota.net\/wp-content\/uploads\/2015\/10\/IMG_8239.jpg\"><img decoding=\"async\" loading=\"lazy\" class=\"aligncenter size-large wp-image-1076\" src=\"http:\/\/travel.wrota.net\/wp-content\/uploads\/2015\/10\/IMG_8239-683x1024.jpg\" alt=\"IMG_8239\" width=\"610\" height=\"915\" srcset=\"https:\/\/travel.wrota.net\/wp-content\/uploads\/2015\/10\/IMG_8239-683x1024.jpg 683w, https:\/\/travel.wrota.net\/wp-content\/uploads\/2015\/10\/IMG_8239-200x300.jpg 200w, https:\/\/travel.wrota.net\/wp-content\/uploads\/2015\/10\/IMG_8239.jpg 800w\" sizes=\"(max-width: 610px) 100vw, 610px\" \/><\/a><\/p>\n<p><a href=\"http:\/\/travel.wrota.net\/wp-content\/uploads\/2015\/10\/IMG_8245.jpg\"><img decoding=\"async\" loading=\"lazy\" class=\"aligncenter size-large wp-image-1077\" src=\"http:\/\/travel.wrota.net\/wp-content\/uploads\/2015\/10\/IMG_8245-754x1024.jpg\" alt=\"IMG_8245\" width=\"610\" height=\"828\" srcset=\"https:\/\/travel.wrota.net\/wp-content\/uploads\/2015\/10\/IMG_8245-754x1024.jpg 754w, https:\/\/travel.wrota.net\/wp-content\/uploads\/2015\/10\/IMG_8245-221x300.jpg 221w, https:\/\/travel.wrota.net\/wp-content\/uploads\/2015\/10\/IMG_8245.jpg 884w\" sizes=\"(max-width: 610px) 100vw, 610px\" \/><\/a><\/p>\n<p><a href=\"http:\/\/travel.wrota.net\/wp-content\/uploads\/2015\/10\/IMG_8257.jpg\"><img decoding=\"async\" loading=\"lazy\" class=\"aligncenter size-large wp-image-1080\" src=\"http:\/\/travel.wrota.net\/wp-content\/uploads\/2015\/10\/IMG_8257-683x1024.jpg\" alt=\"IMG_8257\" width=\"610\" height=\"915\" srcset=\"https:\/\/travel.wrota.net\/wp-content\/uploads\/2015\/10\/IMG_8257-683x1024.jpg 683w, https:\/\/travel.wrota.net\/wp-content\/uploads\/2015\/10\/IMG_8257-200x300.jpg 200w, https:\/\/travel.wrota.net\/wp-content\/uploads\/2015\/10\/IMG_8257.jpg 800w\" sizes=\"(max-width: 610px) 100vw, 610px\" \/><\/a><\/p>\n<p>&nbsp;<\/p>\n<p>To tutaj znajduje si\u0119 tak\u017ce p\u00f3\u017anogotycki <em><strong>Schiefes Haus<\/strong><\/em> (Krzywy Dom) kt\u00f3ry w pe\u0142ni zas\u0142uguje na swoje miano, poniewa\u017c odchylony jest od pionu o oko\u0142o 10\u00b0. Pi\u0119ciopi\u0119trowy budynek pochylony nad rzeczk\u0105 Blau zamieszka\u0142y by\u0142 pierwotnie przez rybak\u00f3w, rzemie\u015blnik\u00f3w i biedot\u0119 miejsk\u0105 (m. in. wdow\u0119 po Berblingerze) i nic nie wskazywa\u0142o, \u017ce stanie si\u0119 kiedy\u015b tak s\u0142awny.<\/p>\n<p>&nbsp;<\/p>\n<p><a href=\"http:\/\/travel.wrota.net\/wp-content\/uploads\/2015\/10\/IMG_8254.jpg\"><img decoding=\"async\" loading=\"lazy\" class=\"aligncenter size-large wp-image-1078\" src=\"http:\/\/travel.wrota.net\/wp-content\/uploads\/2015\/10\/IMG_8254-683x1024.jpg\" alt=\"IMG_8254\" width=\"610\" height=\"915\" srcset=\"https:\/\/travel.wrota.net\/wp-content\/uploads\/2015\/10\/IMG_8254-683x1024.jpg 683w, https:\/\/travel.wrota.net\/wp-content\/uploads\/2015\/10\/IMG_8254-200x300.jpg 200w, https:\/\/travel.wrota.net\/wp-content\/uploads\/2015\/10\/IMG_8254.jpg 800w\" sizes=\"(max-width: 610px) 100vw, 610px\" \/><\/a><\/p>\n<p><a href=\"http:\/\/travel.wrota.net\/wp-content\/uploads\/2015\/10\/IMG_8256.jpg\"><img decoding=\"async\" loading=\"lazy\" class=\"aligncenter size-large wp-image-1079\" src=\"http:\/\/travel.wrota.net\/wp-content\/uploads\/2015\/10\/IMG_8256-683x1024.jpg\" alt=\"IMG_8256\" width=\"610\" height=\"915\" srcset=\"https:\/\/travel.wrota.net\/wp-content\/uploads\/2015\/10\/IMG_8256-683x1024.jpg 683w, https:\/\/travel.wrota.net\/wp-content\/uploads\/2015\/10\/IMG_8256-200x300.jpg 200w, https:\/\/travel.wrota.net\/wp-content\/uploads\/2015\/10\/IMG_8256.jpg 800w\" sizes=\"(max-width: 610px) 100vw, 610px\" \/><\/a><\/p>\n<p>Od roku 1995 mie\u015bci si\u0119 tu hotel. Dom poddano gruntownemu remontowi, a najwi\u0119kszym wyzwaniem dla architekt\u00f3w by\u0142o zachowanie krzywizny spowodowanej grz\u0105skim gruntem.<\/p>\n<p>Wed\u0142ug Ksi\u0119gi Guinessa, jest to najbardziej krzywy hotel na \u015bwiecie. W ka\u017cdym z pokoi znajduje si\u0119 poziomica, kt\u00f3ra nie pozwala o tym zapomnie\u0107.<\/p>\n<p><i><b>Seelengraben<\/b><\/i>, <i><b>Frauengraben<\/b><\/i> i <i><b>Neuer Graben<\/b><\/i>.<\/p>\n<p>C\u00f3\u017c to takiego? To szereg malutkich domk\u00f3w (<em><strong>Grabenh\u00e4uschen<\/strong><\/em>) zbudowanych na trzech odcinkach muru miejskiego. Ich historia si\u0119ga lat 1610-1634, kiedy to w\u0142adze miasta postanowi\u0142y zwerbowa\u0107 dodatkowe grupy wojska. \u017bo\u0142nierzy z rodzinami zakwaterowano w zlepionych ze sob\u0105 budyneczkach na murach.<\/p>\n<p>Wi\u0119kszo\u015b\u0107 zosta\u0142a wykupiona przez mieszka\u0144c\u00f3w w pierwszym dziesi\u0119cioleciu XIX wieku. Do dzi\u015b zachowa\u0142o si\u0119 jedynie 35 numer\u00f3w, pierwotnie by\u0142o ich 198. W latach 80-tych ubieg\u0142ego wieku domki zmodernizowano, nie trac\u0105c przy tym nic z ich uroku.<\/p>\n<p>Tutaj \u017cycie toczy si\u0119 naprawd\u0119, nie ma ani komercji, ani wycieczek. Co wi\u0119cej! Spaceruj\u0105c murami czujemy si\u0119 tak, jakby\u015bmy chodzili po czyim\u015b podw\u00f3rku. Cztery razy pyta\u0142am Thomasa czy tu naprawd\u0119 mo\u017cna spacerowa\u0107? Po jednej stronie dr\u00f3\u017cki znajduj\u0105 si\u0119 mieszkania, a po drugiej malutkie ogr\u00f3dki. Niemal przed ka\u017cdym wej\u015bciem stoi \u0142awka, wok\u00f3\u0142 jest mn\u00f3stwo zieleni, donic z kwiatami, r\u0119cznie wykonanych ozd\u00f3b, wieczorem pal\u0105 si\u0119 lampiony. Klimat jest niesamowity! \u0141atwo zapomnie\u0107, \u017ce tak naprawd\u0119 znajdujemy si\u0119 w centrum miasta. Na \u015brodku drogi wygrzewaj\u0105 si\u0119 koty, tu wisi pranie, a tam w donicach dojrzewaj\u0105 na s\u0142o\u0144cu pomidory i papryka, a gdzie\u015b indziej przed drzwiami \u015bmieci czekaj\u0105 na wyniesienie do kontenera. Mieszka\u0144cy gaw\u0119dz\u0105 przed domem z s\u0105siadami, nieco zdziwieni nasz\u0105 obecno\u015bci\u0105 i aparatem w r\u0119ku.<\/p>\n<p><a href=\"http:\/\/travel.wrota.net\/wp-content\/uploads\/2015\/10\/IMG_8287.jpg\"><img decoding=\"async\" loading=\"lazy\" class=\"aligncenter size-large wp-image-1083\" src=\"http:\/\/travel.wrota.net\/wp-content\/uploads\/2015\/10\/IMG_8287-1024x683.jpg\" alt=\"IMG_8287\" width=\"610\" height=\"407\" srcset=\"https:\/\/travel.wrota.net\/wp-content\/uploads\/2015\/10\/IMG_8287-1024x683.jpg 1024w, https:\/\/travel.wrota.net\/wp-content\/uploads\/2015\/10\/IMG_8287-300x200.jpg 300w, https:\/\/travel.wrota.net\/wp-content\/uploads\/2015\/10\/IMG_8287.jpg 1200w\" sizes=\"(max-width: 610px) 100vw, 610px\" \/><\/a><\/p>\n<p><a href=\"http:\/\/travel.wrota.net\/wp-content\/uploads\/2015\/10\/IMG_8290.jpg\"><img decoding=\"async\" loading=\"lazy\" class=\"aligncenter size-large wp-image-1084\" src=\"http:\/\/travel.wrota.net\/wp-content\/uploads\/2015\/10\/IMG_8290-1024x719.jpg\" alt=\"IMG_8290\" width=\"610\" height=\"428\" srcset=\"https:\/\/travel.wrota.net\/wp-content\/uploads\/2015\/10\/IMG_8290-1024x719.jpg 1024w, https:\/\/travel.wrota.net\/wp-content\/uploads\/2015\/10\/IMG_8290-300x211.jpg 300w, https:\/\/travel.wrota.net\/wp-content\/uploads\/2015\/10\/IMG_8290-400x280.jpg 400w, https:\/\/travel.wrota.net\/wp-content\/uploads\/2015\/10\/IMG_8290.jpg 1200w\" sizes=\"(max-width: 610px) 100vw, 610px\" \/><\/a><\/p>\n<p><a href=\"http:\/\/travel.wrota.net\/wp-content\/uploads\/2015\/10\/IMG_8293.jpg\"><img decoding=\"async\" loading=\"lazy\" class=\"aligncenter size-large wp-image-1085\" src=\"http:\/\/travel.wrota.net\/wp-content\/uploads\/2015\/10\/IMG_8293-683x1024.jpg\" alt=\"IMG_8293\" width=\"610\" height=\"915\" srcset=\"https:\/\/travel.wrota.net\/wp-content\/uploads\/2015\/10\/IMG_8293-683x1024.jpg 683w, https:\/\/travel.wrota.net\/wp-content\/uploads\/2015\/10\/IMG_8293-200x300.jpg 200w, https:\/\/travel.wrota.net\/wp-content\/uploads\/2015\/10\/IMG_8293.jpg 800w\" sizes=\"(max-width: 610px) 100vw, 610px\" \/><\/a><\/p>\n<p><a href=\"http:\/\/travel.wrota.net\/wp-content\/uploads\/2015\/10\/IMG_8302.jpg\"><img decoding=\"async\" loading=\"lazy\" class=\"aligncenter size-large wp-image-1086\" src=\"http:\/\/travel.wrota.net\/wp-content\/uploads\/2015\/10\/IMG_8302-736x1024.jpg\" alt=\"IMG_8302\" width=\"610\" height=\"849\" srcset=\"https:\/\/travel.wrota.net\/wp-content\/uploads\/2015\/10\/IMG_8302-736x1024.jpg 736w, https:\/\/travel.wrota.net\/wp-content\/uploads\/2015\/10\/IMG_8302-216x300.jpg 216w, https:\/\/travel.wrota.net\/wp-content\/uploads\/2015\/10\/IMG_8302.jpg 862w\" sizes=\"(max-width: 610px) 100vw, 610px\" \/><\/a><\/p>\n<p><a href=\"http:\/\/travel.wrota.net\/wp-content\/uploads\/2015\/10\/IMG_8303.jpg\"><img decoding=\"async\" loading=\"lazy\" class=\"aligncenter size-large wp-image-1087\" src=\"http:\/\/travel.wrota.net\/wp-content\/uploads\/2015\/10\/IMG_8303-683x1024.jpg\" alt=\"IMG_8303\" width=\"610\" height=\"915\" srcset=\"https:\/\/travel.wrota.net\/wp-content\/uploads\/2015\/10\/IMG_8303-683x1024.jpg 683w, https:\/\/travel.wrota.net\/wp-content\/uploads\/2015\/10\/IMG_8303-200x300.jpg 200w, https:\/\/travel.wrota.net\/wp-content\/uploads\/2015\/10\/IMG_8303.jpg 800w\" sizes=\"(max-width: 610px) 100vw, 610px\" \/><\/a><\/p>\n<p><a href=\"http:\/\/travel.wrota.net\/wp-content\/uploads\/2015\/10\/IMG_8304.jpg\"><img decoding=\"async\" loading=\"lazy\" class=\"aligncenter size-large wp-image-1088\" src=\"http:\/\/travel.wrota.net\/wp-content\/uploads\/2015\/10\/IMG_8304-683x1024.jpg\" alt=\"IMG_8304\" width=\"610\" height=\"915\" srcset=\"https:\/\/travel.wrota.net\/wp-content\/uploads\/2015\/10\/IMG_8304-683x1024.jpg 683w, https:\/\/travel.wrota.net\/wp-content\/uploads\/2015\/10\/IMG_8304-200x300.jpg 200w, https:\/\/travel.wrota.net\/wp-content\/uploads\/2015\/10\/IMG_8304.jpg 800w\" sizes=\"(max-width: 610px) 100vw, 610px\" \/><\/a><\/p>\n\n<!-- Facebook Like Button v1.9.6 BEGIN [http:\/\/blog.bottomlessinc.com] -->\n<iframe src=\"http:\/\/www.facebook.com\/plugins\/like.php?href=https%3A%2F%2Ftravel.wrota.net%2F%3Fp%3D1057&amp;layout=standard&amp;show_faces=false&amp;width=450&amp;action=like&amp;colorscheme=light\" scrolling=\"no\" frameborder=\"0\" allowTransparency=\"true\" style=\"border:none; overflow:hidden; width:450px; height: 30px; align: left; margin: 2px 0px 2px 0px\"><\/iframe>\n<!-- Facebook Like Button END -->\n","protected":false},"excerpt":{"rendered":"<p>Nad miastem dominuje katedra, a plac przed katedr\u0105 \u2013 M\u00fcnsterplatz \u2013 to pasjonuj\u0105cy plac miejski \u0142\u0105cz\u0105cy histori\u0119 z wizjonersk\u0105 architektur\u0105. Ale bez dw\u00f3ch zda\u0144, Ulm to wi\u0119cej, ni\u017c katedra i <a class=\"more-link\" href=\"https:\/\/travel.wrota.net\/?p=1057\">Czytaj dalej &rarr;<\/a><\/p>\n","protected":false},"author":1,"featured_media":1099,"comment_status":"open","ping_status":"closed","sticky":false,"template":"","format":"standard","meta":[],"categories":[15,17],"tags":[],"_links":{"self":[{"href":"https:\/\/travel.wrota.net\/index.php?rest_route=\/wp\/v2\/posts\/1057"}],"collection":[{"href":"https:\/\/travel.wrota.net\/index.php?rest_route=\/wp\/v2\/posts"}],"about":[{"href":"https:\/\/travel.wrota.net\/index.php?rest_route=\/wp\/v2\/types\/post"}],"author":[{"embeddable":true,"href":"https:\/\/travel.wrota.net\/index.php?rest_route=\/wp\/v2\/users\/1"}],"replies":[{"embeddable":true,"href":"https:\/\/travel.wrota.net\/index.php?rest_route=%2Fwp%2Fv2%2Fcomments&post=1057"}],"version-history":[{"count":7,"href":"https:\/\/travel.wrota.net\/index.php?rest_route=\/wp\/v2\/posts\/1057\/revisions"}],"predecessor-version":[{"id":1089,"href":"https:\/\/travel.wrota.net\/index.php?rest_route=\/wp\/v2\/posts\/1057\/revisions\/1089"}],"wp:featuredmedia":[{"embeddable":true,"href":"https:\/\/travel.wrota.net\/index.php?rest_route=\/wp\/v2\/media\/1099"}],"wp:attachment":[{"href":"https:\/\/travel.wrota.net\/index.php?rest_route=%2Fwp%2Fv2%2Fmedia&parent=1057"}],"wp:term":[{"taxonomy":"category","embeddable":true,"href":"https:\/\/travel.wrota.net\/index.php?rest_route=%2Fwp%2Fv2%2Fcategories&post=1057"},{"taxonomy":"post_tag","embeddable":true,"href":"https:\/\/travel.wrota.net\/index.php?rest_route=%2Fwp%2Fv2%2Ftags&post=1057"}],"curies":[{"name":"wp","href":"https:\/\/api.w.org\/{rel}","templated":true}]}}